{"id":12269,"date":"2024-04-10T14:23:28","date_gmt":"2024-04-10T12:23:28","guid":{"rendered":"https:\/\/spalder.com\/2024\/04\/10\/uitslag-onderzoek-bergvakanties-nederlandse-belgische-markt-we-willen-nog-meer-in-de-bergen-zijn\/"},"modified":"2024-04-11T21:36:14","modified_gmt":"2024-04-11T19:36:14","slug":"ergebnisse-umfrage-bergurlaub-niederlaendisch-belgischer-markt-wir-wollen-noch-mehr-in-den-bergen-sein","status":"publish","type":"post","link":"https:\/\/spalder.com\/de\/2024\/04\/10\/ergebnisse-umfrage-bergurlaub-niederlaendisch-belgischer-markt-wir-wollen-noch-mehr-in-den-bergen-sein\/","title":{"rendered":"Ergebnisse Umfrage Bergurlaub Niederl\u00e4ndisch\/Belgischer Markt: Wir wollen noch mehr in den Bergen sein!"},"content":{"rendered":"<p><strong>Im M\u00e4rz 2024 f\u00fchrte die Plattform Indebergen.nl ihre j\u00e4hrliche Umfrage zu den Trends im Bergurlaub in den Niederlanden und Belgien durch. Mehr als 1.100 Besucher und Anh\u00e4nger der Website haben den Online-Fragebogen ausgef\u00fcllt, in dem Themen wie Buchungsverhalten, aber auch Transport, Unterkunft und Aktivit\u00e4ten auftauchten. Wie in den vergangenen Jahren liefern die Ergebnisse der Umfrage ein klares Bild der Trends und Entwicklungen auf dem niederl\u00e4ndischen und belgischen Markt.<\/strong><\/p>\n<p style=\"font-weight: 400;\">Alle Ergebnisse der Umfrage finden Sie hier &gt;&gt; <a href=\"https:\/\/spalder.com\/wp-content\/uploads\/2024\/04\/Bergurlaub-NL.pdf\">(link PDF)<\/a><\/p>\n<p><img loading=\"lazy\" decoding=\"async\" class=\"alignnone size-full wp-image-12242\" src=\"https:\/\/spalder.com\/wp-content\/uploads\/2024\/04\/onderzoek-spalder-zomer-vakantie-Alpen-Bergen.jpg\" alt=\"\" width=\"1024\" height=\"768\" srcset=\"https:\/\/spalder.com\/wp-content\/uploads\/2024\/04\/onderzoek-spalder-zomer-vakantie-Alpen-Bergen.jpg 1024w, https:\/\/spalder.com\/wp-content\/uploads\/2024\/04\/onderzoek-spalder-zomer-vakantie-Alpen-Bergen-300x225.jpg 300w, https:\/\/spalder.com\/wp-content\/uploads\/2024\/04\/onderzoek-spalder-zomer-vakantie-Alpen-Bergen-768x576.jpg 768w\" sizes=\"(max-width: 1024px) 100vw, 1024px\" \/><\/p>\n","protected":false},"excerpt":{"rendered":"<p>Im M\u00e4rz 2024 f\u00fchrte die Plattform Indebergen.nl ihre j\u00e4hrliche Umfrage zu den Trends im Bergurlaub in den Niederlanden und Belgien durch. Mehr als 1.100 Besucher und Anh\u00e4nger der Website haben den Online-Fragebogen ausgef\u00fcllt, in dem Themen wie Buchungsverhalten, aber auch Transport, Unterkunft und Aktivit\u00e4ten auftauchten. Wie in den vergangenen Jahren liefern die Ergebnisse der Umfrage [&hellip;]<\/p>\n","protected":false},"author":3,"featured_media":12244,"comment_status":"closed","ping_status":"closed","sticky":false,"template":"","format":"standard","meta":{"footnotes":""},"categories":[234],"tags":[],"class_list":["post-12269","post","type-post","status-publish","format-standard","has-post-thumbnail","hentry","category-umfrage"],"yoast_head":"<!-- This site is optimized with the Yoast SEO plugin v25.6 - https:\/\/yoast.com\/wordpress\/plugins\/seo\/ -->\n<title>Ergebnisse Umfrage Bergurlaub Niederl\u00e4ndisch\/Belgischer Markt: Wir wollen noch mehr in den Bergen sein! - Spalder Media Group<\/title>\n<meta name=\"robots\" content=\"index, follow, max-snippet:-1, max-image-preview:large, max-video-preview:-1\" \/>\n<link rel=\"canonical\" href=\"https:\/\/spalder.com\/de\/2024\/04\/10\/ergebnisse-umfrage-bergurlaub-niederlaendisch-belgischer-markt-wir-wollen-noch-mehr-in-den-bergen-sein\/\" \/>\n<meta property=\"og:locale\" content=\"de_DE\" \/>\n<meta property=\"og:type\" content=\"article\" \/>\n<meta property=\"og:title\" content=\"Ergebnisse Umfrage Bergurlaub Niederl\u00e4ndisch\/Belgischer Markt: Wir wollen noch mehr in den Bergen sein! - Spalder Media Group\" \/>\n<meta property=\"og:description\" content=\"Im M\u00e4rz 2024 f\u00fchrte die Plattform Indebergen.nl ihre j\u00e4hrliche Umfrage zu den Trends im Bergurlaub in den Niederlanden und Belgien durch. Mehr als 1.100 Besucher und Anh\u00e4nger der Website haben den Online-Fragebogen ausgef\u00fcllt, in dem Themen wie Buchungsverhalten, aber auch Transport, Unterkunft und Aktivit\u00e4ten auftauchten. Wie in den vergangenen Jahren liefern die Ergebnisse der Umfrage [&hellip;]\" \/>\n<meta property=\"og:url\" content=\"https:\/\/spalder.com\/de\/2024\/04\/10\/ergebnisse-umfrage-bergurlaub-niederlaendisch-belgischer-markt-wir-wollen-noch-mehr-in-den-bergen-sein\/\" \/>\n<meta property=\"og:site_name\" content=\"Spalder Media Group\" \/>\n<meta property=\"article:published_time\" content=\"2024-04-10T12:23:28+00:00\" \/>\n<meta property=\"article:modified_time\" content=\"2024-04-11T19:36:14+00:00\" \/>\n<meta property=\"og:image\" content=\"https:\/\/spalder.com\/wp-content\/uploads\/2024\/04\/onderzoek-spalder-zomer-vakantie-Alpen-Bergen.jpg\" \/>\n\t<meta property=\"og:image:width\" content=\"1024\" \/>\n\t<meta property=\"og:image:height\" content=\"768\" \/>\n\t<meta property=\"og:image:type\" content=\"image\/jpeg\" \/>\n<meta name=\"author\" content=\"Frank Pieters\" \/>\n<meta name=\"twitter:card\" content=\"summary_large_image\" \/>\n<meta name=\"twitter:label1\" content=\"Verfasst von\" \/>\n\t<meta name=\"twitter:data1\" content=\"Frank Pieters\" \/>\n\t<meta name=\"twitter:label2\" content=\"Gesch\u00e4tzte Lesezeit\" \/>\n\t<meta name=\"twitter:data2\" content=\"1\u00a0Minute\" \/>\n<script type=\"application\/ld+json\" class=\"yoast-schema-graph\">{\"@context\":\"https:\/\/schema.org\",\"@graph\":[{\"@type\":\"Article\",\"@id\":\"https:\/\/spalder.com\/de\/2024\/04\/10\/ergebnisse-umfrage-bergurlaub-niederlaendisch-belgischer-markt-wir-wollen-noch-mehr-in-den-bergen-sein\/#article\",\"isPartOf\":{\"@id\":\"https:\/\/spalder.com\/de\/2024\/04\/10\/ergebnisse-umfrage-bergurlaub-niederlaendisch-belgischer-markt-wir-wollen-noch-mehr-in-den-bergen-sein\/\"},\"author\":{\"name\":\"Frank Pieters\",\"@id\":\"https:\/\/spalder.com\/#\/schema\/person\/bd8a3f96ddae898db0d8527d8f9a73d7\"},\"headline\":\"Ergebnisse Umfrage Bergurlaub Niederl\u00e4ndisch\/Belgischer Markt: Wir wollen noch mehr in den Bergen sein!\",\"datePublished\":\"2024-04-10T12:23:28+00:00\",\"dateModified\":\"2024-04-11T19:36:14+00:00\",\"mainEntityOfPage\":{\"@id\":\"https:\/\/spalder.com\/de\/2024\/04\/10\/ergebnisse-umfrage-bergurlaub-niederlaendisch-belgischer-markt-wir-wollen-noch-mehr-in-den-bergen-sein\/\"},\"wordCount\":100,\"publisher\":{\"@id\":\"https:\/\/spalder.com\/#organization\"},\"image\":{\"@id\":\"https:\/\/spalder.com\/de\/2024\/04\/10\/ergebnisse-umfrage-bergurlaub-niederlaendisch-belgischer-markt-wir-wollen-noch-mehr-in-den-bergen-sein\/#primaryimage\"},\"thumbnailUrl\":\"https:\/\/spalder.com\/wp-content\/uploads\/2024\/04\/onderzoek-spalder-zomer-vakantie-Alpen-Bergen.jpg\",\"articleSection\":[\"Umfrage\"],\"inLanguage\":\"de\"},{\"@type\":\"WebPage\",\"@id\":\"https:\/\/spalder.com\/de\/2024\/04\/10\/ergebnisse-umfrage-bergurlaub-niederlaendisch-belgischer-markt-wir-wollen-noch-mehr-in-den-bergen-sein\/\",\"url\":\"https:\/\/spalder.com\/de\/2024\/04\/10\/ergebnisse-umfrage-bergurlaub-niederlaendisch-belgischer-markt-wir-wollen-noch-mehr-in-den-bergen-sein\/\",\"name\":\"Ergebnisse Umfrage Bergurlaub Niederl\u00e4ndisch\/Belgischer Markt: Wir wollen noch mehr in den Bergen sein! - Spalder Media Group\",\"isPartOf\":{\"@id\":\"https:\/\/spalder.com\/#website\"},\"primaryImageOfPage\":{\"@id\":\"https:\/\/spalder.com\/de\/2024\/04\/10\/ergebnisse-umfrage-bergurlaub-niederlaendisch-belgischer-markt-wir-wollen-noch-mehr-in-den-bergen-sein\/#primaryimage\"},\"image\":{\"@id\":\"https:\/\/spalder.com\/de\/2024\/04\/10\/ergebnisse-umfrage-bergurlaub-niederlaendisch-belgischer-markt-wir-wollen-noch-mehr-in-den-bergen-sein\/#primaryimage\"},\"thumbnailUrl\":\"https:\/\/spalder.com\/wp-content\/uploads\/2024\/04\/onderzoek-spalder-zomer-vakantie-Alpen-Bergen.jpg\",\"datePublished\":\"2024-04-10T12:23:28+00:00\",\"dateModified\":\"2024-04-11T19:36:14+00:00\",\"breadcrumb\":{\"@id\":\"https:\/\/spalder.com\/de\/2024\/04\/10\/ergebnisse-umfrage-bergurlaub-niederlaendisch-belgischer-markt-wir-wollen-noch-mehr-in-den-bergen-sein\/#breadcrumb\"},\"inLanguage\":\"de\",\"potentialAction\":[{\"@type\":\"ReadAction\",\"target\":[\"https:\/\/spalder.com\/de\/2024\/04\/10\/ergebnisse-umfrage-bergurlaub-niederlaendisch-belgischer-markt-wir-wollen-noch-mehr-in-den-bergen-sein\/\"]}]},{\"@type\":\"ImageObject\",\"inLanguage\":\"de\",\"@id\":\"https:\/\/spalder.com\/de\/2024\/04\/10\/ergebnisse-umfrage-bergurlaub-niederlaendisch-belgischer-markt-wir-wollen-noch-mehr-in-den-bergen-sein\/#primaryimage\",\"url\":\"https:\/\/spalder.com\/wp-content\/uploads\/2024\/04\/onderzoek-spalder-zomer-vakantie-Alpen-Bergen.jpg\",\"contentUrl\":\"https:\/\/spalder.com\/wp-content\/uploads\/2024\/04\/onderzoek-spalder-zomer-vakantie-Alpen-Bergen.jpg\",\"width\":1024,\"height\":768},{\"@type\":\"BreadcrumbList\",\"@id\":\"https:\/\/spalder.com\/de\/2024\/04\/10\/ergebnisse-umfrage-bergurlaub-niederlaendisch-belgischer-markt-wir-wollen-noch-mehr-in-den-bergen-sein\/#breadcrumb\",\"itemListElement\":[{\"@type\":\"ListItem\",\"position\":1,\"name\":\"Home\",\"item\":\"https:\/\/spalder.com\/de\/\"},{\"@type\":\"ListItem\",\"position\":2,\"name\":\"Ergebnisse Umfrage Bergurlaub Niederl\u00e4ndisch\/Belgischer Markt: Wir wollen noch mehr in den Bergen sein!\"}]},{\"@type\":\"WebSite\",\"@id\":\"https:\/\/spalder.com\/#website\",\"url\":\"https:\/\/spalder.com\/\",\"name\":\"Spalder Media Group\",\"description\":\"We bring you Dutch tourists\",\"publisher\":{\"@id\":\"https:\/\/spalder.com\/#organization\"},\"potentialAction\":[{\"@type\":\"SearchAction\",\"target\":{\"@type\":\"EntryPoint\",\"urlTemplate\":\"https:\/\/spalder.com\/?s={search_term_string}\"},\"query-input\":{\"@type\":\"PropertyValueSpecification\",\"valueRequired\":true,\"valueName\":\"search_term_string\"}}],\"inLanguage\":\"de\"},{\"@type\":\"Organization\",\"@id\":\"https:\/\/spalder.com\/#organization\",\"name\":\"Spalder Media Group\",\"url\":\"https:\/\/spalder.com\/\",\"logo\":{\"@type\":\"ImageObject\",\"inLanguage\":\"de\",\"@id\":\"https:\/\/spalder.com\/#\/schema\/logo\/image\/\",\"url\":\"https:\/\/spalder.com\/wp-content\/uploads\/2020\/09\/SMG_2020_High.png\",\"contentUrl\":\"https:\/\/spalder.com\/wp-content\/uploads\/2020\/09\/SMG_2020_High.png\",\"width\":1489,\"height\":1319,\"caption\":\"Spalder Media Group\"},\"image\":{\"@id\":\"https:\/\/spalder.com\/#\/schema\/logo\/image\/\"}},{\"@type\":\"Person\",\"@id\":\"https:\/\/spalder.com\/#\/schema\/person\/bd8a3f96ddae898db0d8527d8f9a73d7\",\"name\":\"Frank Pieters\",\"image\":{\"@type\":\"ImageObject\",\"inLanguage\":\"de\",\"@id\":\"https:\/\/spalder.com\/#\/schema\/person\/image\/\",\"url\":\"https:\/\/secure.gravatar.com\/avatar\/d49017e294d4cc777d3e72a2500cd5f3?s=96&d=blank&r=g\",\"contentUrl\":\"https:\/\/secure.gravatar.com\/avatar\/d49017e294d4cc777d3e72a2500cd5f3?s=96&d=blank&r=g\",\"caption\":\"Frank Pieters\"},\"url\":\"https:\/\/spalder.com\/de\/author\/frankpieters\/\"}]}<\/script>\n<!-- \/ Yoast SEO plugin. -->","yoast_head_json":{"title":"Ergebnisse Umfrage Bergurlaub Niederl\u00e4ndisch\/Belgischer Markt: Wir wollen noch mehr in den Bergen sein! - Spalder Media Group","robots":{"index":"index","follow":"follow","max-snippet":"max-snippet:-1","max-image-preview":"max-image-preview:large","max-video-preview":"max-video-preview:-1"},"canonical":"https:\/\/spalder.com\/de\/2024\/04\/10\/ergebnisse-umfrage-bergurlaub-niederlaendisch-belgischer-markt-wir-wollen-noch-mehr-in-den-bergen-sein\/","og_locale":"de_DE","og_type":"article","og_title":"Ergebnisse Umfrage Bergurlaub Niederl\u00e4ndisch\/Belgischer Markt: Wir wollen noch mehr in den Bergen sein! - Spalder Media Group","og_description":"Im M\u00e4rz 2024 f\u00fchrte die Plattform Indebergen.nl ihre j\u00e4hrliche Umfrage zu den Trends im Bergurlaub in den Niederlanden und Belgien durch. Mehr als 1.100 Besucher und Anh\u00e4nger der Website haben den Online-Fragebogen ausgef\u00fcllt, in dem Themen wie Buchungsverhalten, aber auch Transport, Unterkunft und Aktivit\u00e4ten auftauchten. Wie in den vergangenen Jahren liefern die Ergebnisse der Umfrage [&hellip;]","og_url":"https:\/\/spalder.com\/de\/2024\/04\/10\/ergebnisse-umfrage-bergurlaub-niederlaendisch-belgischer-markt-wir-wollen-noch-mehr-in-den-bergen-sein\/","og_site_name":"Spalder Media Group","article_published_time":"2024-04-10T12:23:28+00:00","article_modified_time":"2024-04-11T19:36:14+00:00","og_image":[{"width":1024,"height":768,"url":"https:\/\/spalder.com\/wp-content\/uploads\/2024\/04\/onderzoek-spalder-zomer-vakantie-Alpen-Bergen.jpg","type":"image\/jpeg"}],"author":"Frank Pieters","twitter_card":"summary_large_image","twitter_misc":{"Verfasst von":"Frank Pieters","Gesch\u00e4tzte Lesezeit":"1\u00a0Minute"},"schema":{"@context":"https:\/\/schema.org","@graph":[{"@type":"Article","@id":"https:\/\/spalder.com\/de\/2024\/04\/10\/ergebnisse-umfrage-bergurlaub-niederlaendisch-belgischer-markt-wir-wollen-noch-mehr-in-den-bergen-sein\/#article","isPartOf":{"@id":"https:\/\/spalder.com\/de\/2024\/04\/10\/ergebnisse-umfrage-bergurlaub-niederlaendisch-belgischer-markt-wir-wollen-noch-mehr-in-den-bergen-sein\/"},"author":{"name":"Frank Pieters","@id":"https:\/\/spalder.com\/#\/schema\/person\/bd8a3f96ddae898db0d8527d8f9a73d7"},"headline":"Ergebnisse Umfrage Bergurlaub Niederl\u00e4ndisch\/Belgischer Markt: Wir wollen noch mehr in den Bergen sein!","datePublished":"2024-04-10T12:23:28+00:00","dateModified":"2024-04-11T19:36:14+00:00","mainEntityOfPage":{"@id":"https:\/\/spalder.com\/de\/2024\/04\/10\/ergebnisse-umfrage-bergurlaub-niederlaendisch-belgischer-markt-wir-wollen-noch-mehr-in-den-bergen-sein\/"},"wordCount":100,"publisher":{"@id":"https:\/\/spalder.com\/#organization"},"image":{"@id":"https:\/\/spalder.com\/de\/2024\/04\/10\/ergebnisse-umfrage-bergurlaub-niederlaendisch-belgischer-markt-wir-wollen-noch-mehr-in-den-bergen-sein\/#primaryimage"},"thumbnailUrl":"https:\/\/spalder.com\/wp-content\/uploads\/2024\/04\/onderzoek-spalder-zomer-vakantie-Alpen-Bergen.jpg","articleSection":["Umfrage"],"inLanguage":"de"},{"@type":"WebPage","@id":"https:\/\/spalder.com\/de\/2024\/04\/10\/ergebnisse-umfrage-bergurlaub-niederlaendisch-belgischer-markt-wir-wollen-noch-mehr-in-den-bergen-sein\/","url":"https:\/\/spalder.com\/de\/2024\/04\/10\/ergebnisse-umfrage-bergurlaub-niederlaendisch-belgischer-markt-wir-wollen-noch-mehr-in-den-bergen-sein\/","name":"Ergebnisse Umfrage Bergurlaub Niederl\u00e4ndisch\/Belgischer Markt: Wir wollen noch mehr in den Bergen sein! - Spalder Media Group","isPartOf":{"@id":"https:\/\/spalder.com\/#website"},"primaryImageOfPage":{"@id":"https:\/\/spalder.com\/de\/2024\/04\/10\/ergebnisse-umfrage-bergurlaub-niederlaendisch-belgischer-markt-wir-wollen-noch-mehr-in-den-bergen-sein\/#primaryimage"},"image":{"@id":"https:\/\/spalder.com\/de\/2024\/04\/10\/ergebnisse-umfrage-bergurlaub-niederlaendisch-belgischer-markt-wir-wollen-noch-mehr-in-den-bergen-sein\/#primaryimage"},"thumbnailUrl":"https:\/\/spalder.com\/wp-content\/uploads\/2024\/04\/onderzoek-spalder-zomer-vakantie-Alpen-Bergen.jpg","datePublished":"2024-04-10T12:23:28+00:00","dateModified":"2024-04-11T19:36:14+00:00","breadcrumb":{"@id":"https:\/\/spalder.com\/de\/2024\/04\/10\/ergebnisse-umfrage-bergurlaub-niederlaendisch-belgischer-markt-wir-wollen-noch-mehr-in-den-bergen-sein\/#breadcrumb"},"inLanguage":"de","potentialAction":[{"@type":"ReadAction","target":["https:\/\/spalder.com\/de\/2024\/04\/10\/ergebnisse-umfrage-bergurlaub-niederlaendisch-belgischer-markt-wir-wollen-noch-mehr-in-den-bergen-sein\/"]}]},{"@type":"ImageObject","inLanguage":"de","@id":"https:\/\/spalder.com\/de\/2024\/04\/10\/ergebnisse-umfrage-bergurlaub-niederlaendisch-belgischer-markt-wir-wollen-noch-mehr-in-den-bergen-sein\/#primaryimage","url":"https:\/\/spalder.com\/wp-content\/uploads\/2024\/04\/onderzoek-spalder-zomer-vakantie-Alpen-Bergen.jpg","contentUrl":"https:\/\/spalder.com\/wp-content\/uploads\/2024\/04\/onderzoek-spalder-zomer-vakantie-Alpen-Bergen.jpg","width":1024,"height":768},{"@type":"BreadcrumbList","@id":"https:\/\/spalder.com\/de\/2024\/04\/10\/ergebnisse-umfrage-bergurlaub-niederlaendisch-belgischer-markt-wir-wollen-noch-mehr-in-den-bergen-sein\/#breadcrumb","itemListElement":[{"@type":"ListItem","position":1,"name":"Home","item":"https:\/\/spalder.com\/de\/"},{"@type":"ListItem","position":2,"name":"Ergebnisse Umfrage Bergurlaub Niederl\u00e4ndisch\/Belgischer Markt: Wir wollen noch mehr in den Bergen sein!"}]},{"@type":"WebSite","@id":"https:\/\/spalder.com\/#website","url":"https:\/\/spalder.com\/","name":"Spalder Media Group","description":"We bring you Dutch tourists","publisher":{"@id":"https:\/\/spalder.com\/#organization"},"potentialAction":[{"@type":"SearchAction","target":{"@type":"EntryPoint","urlTemplate":"https:\/\/spalder.com\/?s={search_term_string}"},"query-input":{"@type":"PropertyValueSpecification","valueRequired":true,"valueName":"search_term_string"}}],"inLanguage":"de"},{"@type":"Organization","@id":"https:\/\/spalder.com\/#organization","name":"Spalder Media Group","url":"https:\/\/spalder.com\/","logo":{"@type":"ImageObject","inLanguage":"de","@id":"https:\/\/spalder.com\/#\/schema\/logo\/image\/","url":"https:\/\/spalder.com\/wp-content\/uploads\/2020\/09\/SMG_2020_High.png","contentUrl":"https:\/\/spalder.com\/wp-content\/uploads\/2020\/09\/SMG_2020_High.png","width":1489,"height":1319,"caption":"Spalder Media Group"},"image":{"@id":"https:\/\/spalder.com\/#\/schema\/logo\/image\/"}},{"@type":"Person","@id":"https:\/\/spalder.com\/#\/schema\/person\/bd8a3f96ddae898db0d8527d8f9a73d7","name":"Frank Pieters","image":{"@type":"ImageObject","inLanguage":"de","@id":"https:\/\/spalder.com\/#\/schema\/person\/image\/","url":"https:\/\/secure.gravatar.com\/avatar\/d49017e294d4cc777d3e72a2500cd5f3?s=96&d=blank&r=g","contentUrl":"https:\/\/secure.gravatar.com\/avatar\/d49017e294d4cc777d3e72a2500cd5f3?s=96&d=blank&r=g","caption":"Frank Pieters"},"url":"https:\/\/spalder.com\/de\/author\/frankpieters\/"}]}},"_links":{"self":[{"href":"https:\/\/spalder.com\/de\/wp-json\/wp\/v2\/posts\/12269"}],"collection":[{"href":"https:\/\/spalder.com\/de\/wp-json\/wp\/v2\/posts"}],"about":[{"href":"https:\/\/spalder.com\/de\/wp-json\/wp\/v2\/types\/post"}],"author":[{"embeddable":true,"href":"https:\/\/spalder.com\/de\/wp-json\/wp\/v2\/users\/3"}],"replies":[{"embeddable":true,"href":"https:\/\/spalder.com\/de\/wp-json\/wp\/v2\/comments?post=12269"}],"version-history":[{"count":2,"href":"https:\/\/spalder.com\/de\/wp-json\/wp\/v2\/posts\/12269\/revisions"}],"predecessor-version":[{"id":12271,"href":"https:\/\/spalder.com\/de\/wp-json\/wp\/v2\/posts\/12269\/revisions\/12271"}],"wp:featuredmedia":[{"embeddable":true,"href":"https:\/\/spalder.com\/de\/wp-json\/wp\/v2\/media\/12244"}],"wp:attachment":[{"href":"https:\/\/spalder.com\/de\/wp-json\/wp\/v2\/media?parent=12269"}],"wp:term":[{"taxonomy":"category","embeddable":true,"href":"https:\/\/spalder.com\/de\/wp-json\/wp\/v2\/categories?post=12269"},{"taxonomy":"post_tag","embeddable":true,"href":"https:\/\/spalder.com\/de\/wp-json\/wp\/v2\/tags?post=12269"}],"curies":[{"name":"wp","href":"https:\/\/api.w.org\/{rel}","templated":true}]}}