{"id":12404,"date":"2024-08-19T14:16:47","date_gmt":"2024-08-19T12:16:47","guid":{"rendered":"https:\/\/spalder.com\/2024\/08\/19\/insights-verblijfsduur-en-accommodatie-tijdens-de-bergvakantie\/"},"modified":"2024-08-19T14:21:36","modified_gmt":"2024-08-19T12:21:36","slug":"insights-aufenthaltsdauer-und-unterkunft-waehrend-des-bergurlaubs","status":"publish","type":"post","link":"https:\/\/spalder.com\/de\/2024\/08\/19\/insights-aufenthaltsdauer-und-unterkunft-waehrend-des-bergurlaubs\/","title":{"rendered":"INSIGHTS: Aufenthaltsdauer und Unterkunft w\u00e4hrend des Bergurlaubs"},"content":{"rendered":"<p><strong><span lang=\"EN-US\">In unserer j\u00e4hrlichen Umfrage zu Urlauben in den Bergen unter niederl\u00e4ndischen und fl\u00e4mischen Urlaubern haben wir die Teilnehmer nach der durchschnittlichen Aufenthaltsdauer w\u00e4hrend ihres Bergurlaubs im Fr\u00fchling, Sommer und\/oder Herbst gefragt. <\/span>Mehr als 1.100 Teilnehmer nahmen an dieser Umfrage teil. Auffallend ist, dass 44 % der Befragten l\u00e4nger als 12 Tage in den Urlaub fahren, wobei die beliebteste Unterkunft eine Ferienwohnung ist. In der beigef\u00fcgten Pr\u00e4sentation findest du alle Informationen zu diesen beiden Themen.<\/strong><\/p>\n<p><img loading=\"lazy\" decoding=\"async\" class=\"alignnone size-full wp-image-12399\" src=\"https:\/\/spalder.com\/wp-content\/uploads\/2024\/08\/Stay-and-accommodation.jpeg\" alt=\"\" width=\"1440\" height=\"2016\" srcset=\"https:\/\/spalder.com\/wp-content\/uploads\/2024\/08\/Stay-and-accommodation.jpeg 1440w, https:\/\/spalder.com\/wp-content\/uploads\/2024\/08\/Stay-and-accommodation-214x300.jpeg 214w, https:\/\/spalder.com\/wp-content\/uploads\/2024\/08\/Stay-and-accommodation-731x1024.jpeg 731w, https:\/\/spalder.com\/wp-content\/uploads\/2024\/08\/Stay-and-accommodation-768x1075.jpeg 768w, https:\/\/spalder.com\/wp-content\/uploads\/2024\/08\/Stay-and-accommodation-1097x1536.jpeg 1097w\" sizes=\"(max-width: 1440px) 100vw, 1440px\" \/><\/p>\n","protected":false},"excerpt":{"rendered":"<p>In unserer j\u00e4hrlichen Umfrage zu Urlauben in den Bergen unter niederl\u00e4ndischen und fl\u00e4mischen Urlaubern haben wir die Teilnehmer nach der durchschnittlichen Aufenthaltsdauer w\u00e4hrend ihres Bergurlaubs im Fr\u00fchling, Sommer und\/oder Herbst gefragt. Mehr als 1.100 Teilnehmer nahmen an dieser Umfrage teil. Auffallend ist, dass 44 % der Befragten l\u00e4nger als 12 Tage in den Urlaub fahren, [&hellip;]<\/p>\n","protected":false},"author":3,"featured_media":12410,"comment_status":"closed","ping_status":"closed","sticky":false,"template":"","format":"standard","meta":{"footnotes":""},"categories":[229],"tags":[],"class_list":["post-12404","post","type-post","status-publish","format-standard","has-post-thumbnail","hentry","category-insights"],"yoast_head":"<!-- This site is optimized with the Yoast SEO plugin v25.6 - https:\/\/yoast.com\/wordpress\/plugins\/seo\/ -->\n<title>INSIGHTS: Aufenthaltsdauer und Unterkunft w\u00e4hrend des Bergurlaubs - Spalder Media Group<\/title>\n<meta name=\"robots\" content=\"index, follow, max-snippet:-1, max-image-preview:large, max-video-preview:-1\" \/>\n<link rel=\"canonical\" href=\"https:\/\/spalder.com\/de\/2024\/08\/19\/insights-aufenthaltsdauer-und-unterkunft-waehrend-des-bergurlaubs\/\" \/>\n<meta property=\"og:locale\" content=\"de_DE\" \/>\n<meta property=\"og:type\" content=\"article\" \/>\n<meta property=\"og:title\" content=\"INSIGHTS: Aufenthaltsdauer und Unterkunft w\u00e4hrend des Bergurlaubs - Spalder Media Group\" \/>\n<meta property=\"og:description\" content=\"In unserer j\u00e4hrlichen Umfrage zu Urlauben in den Bergen unter niederl\u00e4ndischen und fl\u00e4mischen Urlaubern haben wir die Teilnehmer nach der durchschnittlichen Aufenthaltsdauer w\u00e4hrend ihres Bergurlaubs im Fr\u00fchling, Sommer und\/oder Herbst gefragt. Mehr als 1.100 Teilnehmer nahmen an dieser Umfrage teil. Auffallend ist, dass 44 % der Befragten l\u00e4nger als 12 Tage in den Urlaub fahren, [&hellip;]\" \/>\n<meta property=\"og:url\" content=\"https:\/\/spalder.com\/de\/2024\/08\/19\/insights-aufenthaltsdauer-und-unterkunft-waehrend-des-bergurlaubs\/\" \/>\n<meta property=\"og:site_name\" content=\"Spalder Media Group\" \/>\n<meta property=\"article:published_time\" content=\"2024-08-19T12:16:47+00:00\" \/>\n<meta property=\"article:modified_time\" content=\"2024-08-19T12:21:36+00:00\" \/>\n<meta property=\"og:image\" content=\"https:\/\/spalder.com\/wp-content\/uploads\/2024\/04\/onderzoek-spalder-zomer-vakantie-Alpen-Bergen.jpg\" \/>\n\t<meta property=\"og:image:width\" content=\"1024\" \/>\n\t<meta property=\"og:image:height\" content=\"768\" \/>\n\t<meta property=\"og:image:type\" content=\"image\/jpeg\" \/>\n<meta name=\"author\" content=\"Frank Pieters\" \/>\n<meta name=\"twitter:card\" content=\"summary_large_image\" \/>\n<meta name=\"twitter:label1\" content=\"Verfasst von\" \/>\n\t<meta name=\"twitter:data1\" content=\"Frank Pieters\" \/>\n<script type=\"application\/ld+json\" class=\"yoast-schema-graph\">{\"@context\":\"https:\/\/schema.org\",\"@graph\":[{\"@type\":\"Article\",\"@id\":\"https:\/\/spalder.com\/de\/2024\/08\/19\/insights-aufenthaltsdauer-und-unterkunft-waehrend-des-bergurlaubs\/#article\",\"isPartOf\":{\"@id\":\"https:\/\/spalder.com\/de\/2024\/08\/19\/insights-aufenthaltsdauer-und-unterkunft-waehrend-des-bergurlaubs\/\"},\"author\":{\"name\":\"Frank Pieters\",\"@id\":\"https:\/\/spalder.com\/#\/schema\/person\/bd8a3f96ddae898db0d8527d8f9a73d7\"},\"headline\":\"INSIGHTS: Aufenthaltsdauer und Unterkunft w\u00e4hrend des Bergurlaubs\",\"datePublished\":\"2024-08-19T12:16:47+00:00\",\"dateModified\":\"2024-08-19T12:21:36+00:00\",\"mainEntityOfPage\":{\"@id\":\"https:\/\/spalder.com\/de\/2024\/08\/19\/insights-aufenthaltsdauer-und-unterkunft-waehrend-des-bergurlaubs\/\"},\"wordCount\":87,\"publisher\":{\"@id\":\"https:\/\/spalder.com\/#organization\"},\"image\":{\"@id\":\"https:\/\/spalder.com\/de\/2024\/08\/19\/insights-aufenthaltsdauer-und-unterkunft-waehrend-des-bergurlaubs\/#primaryimage\"},\"thumbnailUrl\":\"https:\/\/spalder.com\/wp-content\/uploads\/2024\/08\/53789077515_caf39a8d64_b.jpg\",\"articleSection\":[\"Insights\"],\"inLanguage\":\"de\"},{\"@type\":\"WebPage\",\"@id\":\"https:\/\/spalder.com\/de\/2024\/08\/19\/insights-aufenthaltsdauer-und-unterkunft-waehrend-des-bergurlaubs\/\",\"url\":\"https:\/\/spalder.com\/de\/2024\/08\/19\/insights-aufenthaltsdauer-und-unterkunft-waehrend-des-bergurlaubs\/\",\"name\":\"INSIGHTS: Aufenthaltsdauer und Unterkunft w\u00e4hrend des Bergurlaubs - Spalder Media Group\",\"isPartOf\":{\"@id\":\"https:\/\/spalder.com\/#website\"},\"primaryImageOfPage\":{\"@id\":\"https:\/\/spalder.com\/de\/2024\/08\/19\/insights-aufenthaltsdauer-und-unterkunft-waehrend-des-bergurlaubs\/#primaryimage\"},\"image\":{\"@id\":\"https:\/\/spalder.com\/de\/2024\/08\/19\/insights-aufenthaltsdauer-und-unterkunft-waehrend-des-bergurlaubs\/#primaryimage\"},\"thumbnailUrl\":\"https:\/\/spalder.com\/wp-content\/uploads\/2024\/08\/53789077515_caf39a8d64_b.jpg\",\"datePublished\":\"2024-08-19T12:16:47+00:00\",\"dateModified\":\"2024-08-19T12:21:36+00:00\",\"breadcrumb\":{\"@id\":\"https:\/\/spalder.com\/de\/2024\/08\/19\/insights-aufenthaltsdauer-und-unterkunft-waehrend-des-bergurlaubs\/#breadcrumb\"},\"inLanguage\":\"de\",\"potentialAction\":[{\"@type\":\"ReadAction\",\"target\":[\"https:\/\/spalder.com\/de\/2024\/08\/19\/insights-aufenthaltsdauer-und-unterkunft-waehrend-des-bergurlaubs\/\"]}]},{\"@type\":\"ImageObject\",\"inLanguage\":\"de\",\"@id\":\"https:\/\/spalder.com\/de\/2024\/08\/19\/insights-aufenthaltsdauer-und-unterkunft-waehrend-des-bergurlaubs\/#primaryimage\",\"url\":\"https:\/\/spalder.com\/wp-content\/uploads\/2024\/08\/53789077515_caf39a8d64_b.jpg\",\"contentUrl\":\"https:\/\/spalder.com\/wp-content\/uploads\/2024\/08\/53789077515_caf39a8d64_b.jpg\",\"width\":1024,\"height\":768},{\"@type\":\"BreadcrumbList\",\"@id\":\"https:\/\/spalder.com\/de\/2024\/08\/19\/insights-aufenthaltsdauer-und-unterkunft-waehrend-des-bergurlaubs\/#breadcrumb\",\"itemListElement\":[{\"@type\":\"ListItem\",\"position\":1,\"name\":\"Home\",\"item\":\"https:\/\/spalder.com\/de\/\"},{\"@type\":\"ListItem\",\"position\":2,\"name\":\"INSIGHTS: Aufenthaltsdauer und Unterkunft w\u00e4hrend des Bergurlaubs\"}]},{\"@type\":\"WebSite\",\"@id\":\"https:\/\/spalder.com\/#website\",\"url\":\"https:\/\/spalder.com\/\",\"name\":\"Spalder Media Group\",\"description\":\"We bring you Dutch tourists\",\"publisher\":{\"@id\":\"https:\/\/spalder.com\/#organization\"},\"potentialAction\":[{\"@type\":\"SearchAction\",\"target\":{\"@type\":\"EntryPoint\",\"urlTemplate\":\"https:\/\/spalder.com\/?s={search_term_string}\"},\"query-input\":{\"@type\":\"PropertyValueSpecification\",\"valueRequired\":true,\"valueName\":\"search_term_string\"}}],\"inLanguage\":\"de\"},{\"@type\":\"Organization\",\"@id\":\"https:\/\/spalder.com\/#organization\",\"name\":\"Spalder Media Group\",\"url\":\"https:\/\/spalder.com\/\",\"logo\":{\"@type\":\"ImageObject\",\"inLanguage\":\"de\",\"@id\":\"https:\/\/spalder.com\/#\/schema\/logo\/image\/\",\"url\":\"https:\/\/spalder.com\/wp-content\/uploads\/2020\/09\/SMG_2020_High.png\",\"contentUrl\":\"https:\/\/spalder.com\/wp-content\/uploads\/2020\/09\/SMG_2020_High.png\",\"width\":1489,\"height\":1319,\"caption\":\"Spalder Media Group\"},\"image\":{\"@id\":\"https:\/\/spalder.com\/#\/schema\/logo\/image\/\"}},{\"@type\":\"Person\",\"@id\":\"https:\/\/spalder.com\/#\/schema\/person\/bd8a3f96ddae898db0d8527d8f9a73d7\",\"name\":\"Frank Pieters\",\"image\":{\"@type\":\"ImageObject\",\"inLanguage\":\"de\",\"@id\":\"https:\/\/spalder.com\/#\/schema\/person\/image\/\",\"url\":\"https:\/\/secure.gravatar.com\/avatar\/d49017e294d4cc777d3e72a2500cd5f3?s=96&d=blank&r=g\",\"contentUrl\":\"https:\/\/secure.gravatar.com\/avatar\/d49017e294d4cc777d3e72a2500cd5f3?s=96&d=blank&r=g\",\"caption\":\"Frank Pieters\"},\"url\":\"https:\/\/spalder.com\/de\/author\/frankpieters\/\"}]}<\/script>\n<!-- \/ Yoast SEO plugin. -->","yoast_head_json":{"title":"INSIGHTS: Aufenthaltsdauer und Unterkunft w\u00e4hrend des Bergurlaubs - Spalder Media Group","robots":{"index":"index","follow":"follow","max-snippet":"max-snippet:-1","max-image-preview":"max-image-preview:large","max-video-preview":"max-video-preview:-1"},"canonical":"https:\/\/spalder.com\/de\/2024\/08\/19\/insights-aufenthaltsdauer-und-unterkunft-waehrend-des-bergurlaubs\/","og_locale":"de_DE","og_type":"article","og_title":"INSIGHTS: Aufenthaltsdauer und Unterkunft w\u00e4hrend des Bergurlaubs - Spalder Media Group","og_description":"In unserer j\u00e4hrlichen Umfrage zu Urlauben in den Bergen unter niederl\u00e4ndischen und fl\u00e4mischen Urlaubern haben wir die Teilnehmer nach der durchschnittlichen Aufenthaltsdauer w\u00e4hrend ihres Bergurlaubs im Fr\u00fchling, Sommer und\/oder Herbst gefragt. Mehr als 1.100 Teilnehmer nahmen an dieser Umfrage teil. Auffallend ist, dass 44 % der Befragten l\u00e4nger als 12 Tage in den Urlaub fahren, [&hellip;]","og_url":"https:\/\/spalder.com\/de\/2024\/08\/19\/insights-aufenthaltsdauer-und-unterkunft-waehrend-des-bergurlaubs\/","og_site_name":"Spalder Media Group","article_published_time":"2024-08-19T12:16:47+00:00","article_modified_time":"2024-08-19T12:21:36+00:00","og_image":[{"width":1024,"height":768,"url":"https:\/\/spalder.com\/wp-content\/uploads\/2024\/04\/onderzoek-spalder-zomer-vakantie-Alpen-Bergen.jpg","type":"image\/jpeg"}],"author":"Frank Pieters","twitter_card":"summary_large_image","twitter_misc":{"Verfasst von":"Frank Pieters"},"schema":{"@context":"https:\/\/schema.org","@graph":[{"@type":"Article","@id":"https:\/\/spalder.com\/de\/2024\/08\/19\/insights-aufenthaltsdauer-und-unterkunft-waehrend-des-bergurlaubs\/#article","isPartOf":{"@id":"https:\/\/spalder.com\/de\/2024\/08\/19\/insights-aufenthaltsdauer-und-unterkunft-waehrend-des-bergurlaubs\/"},"author":{"name":"Frank Pieters","@id":"https:\/\/spalder.com\/#\/schema\/person\/bd8a3f96ddae898db0d8527d8f9a73d7"},"headline":"INSIGHTS: Aufenthaltsdauer und Unterkunft w\u00e4hrend des Bergurlaubs","datePublished":"2024-08-19T12:16:47+00:00","dateModified":"2024-08-19T12:21:36+00:00","mainEntityOfPage":{"@id":"https:\/\/spalder.com\/de\/2024\/08\/19\/insights-aufenthaltsdauer-und-unterkunft-waehrend-des-bergurlaubs\/"},"wordCount":87,"publisher":{"@id":"https:\/\/spalder.com\/#organization"},"image":{"@id":"https:\/\/spalder.com\/de\/2024\/08\/19\/insights-aufenthaltsdauer-und-unterkunft-waehrend-des-bergurlaubs\/#primaryimage"},"thumbnailUrl":"https:\/\/spalder.com\/wp-content\/uploads\/2024\/08\/53789077515_caf39a8d64_b.jpg","articleSection":["Insights"],"inLanguage":"de"},{"@type":"WebPage","@id":"https:\/\/spalder.com\/de\/2024\/08\/19\/insights-aufenthaltsdauer-und-unterkunft-waehrend-des-bergurlaubs\/","url":"https:\/\/spalder.com\/de\/2024\/08\/19\/insights-aufenthaltsdauer-und-unterkunft-waehrend-des-bergurlaubs\/","name":"INSIGHTS: Aufenthaltsdauer und Unterkunft w\u00e4hrend des Bergurlaubs - Spalder Media Group","isPartOf":{"@id":"https:\/\/spalder.com\/#website"},"primaryImageOfPage":{"@id":"https:\/\/spalder.com\/de\/2024\/08\/19\/insights-aufenthaltsdauer-und-unterkunft-waehrend-des-bergurlaubs\/#primaryimage"},"image":{"@id":"https:\/\/spalder.com\/de\/2024\/08\/19\/insights-aufenthaltsdauer-und-unterkunft-waehrend-des-bergurlaubs\/#primaryimage"},"thumbnailUrl":"https:\/\/spalder.com\/wp-content\/uploads\/2024\/08\/53789077515_caf39a8d64_b.jpg","datePublished":"2024-08-19T12:16:47+00:00","dateModified":"2024-08-19T12:21:36+00:00","breadcrumb":{"@id":"https:\/\/spalder.com\/de\/2024\/08\/19\/insights-aufenthaltsdauer-und-unterkunft-waehrend-des-bergurlaubs\/#breadcrumb"},"inLanguage":"de","potentialAction":[{"@type":"ReadAction","target":["https:\/\/spalder.com\/de\/2024\/08\/19\/insights-aufenthaltsdauer-und-unterkunft-waehrend-des-bergurlaubs\/"]}]},{"@type":"ImageObject","inLanguage":"de","@id":"https:\/\/spalder.com\/de\/2024\/08\/19\/insights-aufenthaltsdauer-und-unterkunft-waehrend-des-bergurlaubs\/#primaryimage","url":"https:\/\/spalder.com\/wp-content\/uploads\/2024\/08\/53789077515_caf39a8d64_b.jpg","contentUrl":"https:\/\/spalder.com\/wp-content\/uploads\/2024\/08\/53789077515_caf39a8d64_b.jpg","width":1024,"height":768},{"@type":"BreadcrumbList","@id":"https:\/\/spalder.com\/de\/2024\/08\/19\/insights-aufenthaltsdauer-und-unterkunft-waehrend-des-bergurlaubs\/#breadcrumb","itemListElement":[{"@type":"ListItem","position":1,"name":"Home","item":"https:\/\/spalder.com\/de\/"},{"@type":"ListItem","position":2,"name":"INSIGHTS: Aufenthaltsdauer und Unterkunft w\u00e4hrend des Bergurlaubs"}]},{"@type":"WebSite","@id":"https:\/\/spalder.com\/#website","url":"https:\/\/spalder.com\/","name":"Spalder Media Group","description":"We bring you Dutch tourists","publisher":{"@id":"https:\/\/spalder.com\/#organization"},"potentialAction":[{"@type":"SearchAction","target":{"@type":"EntryPoint","urlTemplate":"https:\/\/spalder.com\/?s={search_term_string}"},"query-input":{"@type":"PropertyValueSpecification","valueRequired":true,"valueName":"search_term_string"}}],"inLanguage":"de"},{"@type":"Organization","@id":"https:\/\/spalder.com\/#organization","name":"Spalder Media Group","url":"https:\/\/spalder.com\/","logo":{"@type":"ImageObject","inLanguage":"de","@id":"https:\/\/spalder.com\/#\/schema\/logo\/image\/","url":"https:\/\/spalder.com\/wp-content\/uploads\/2020\/09\/SMG_2020_High.png","contentUrl":"https:\/\/spalder.com\/wp-content\/uploads\/2020\/09\/SMG_2020_High.png","width":1489,"height":1319,"caption":"Spalder Media Group"},"image":{"@id":"https:\/\/spalder.com\/#\/schema\/logo\/image\/"}},{"@type":"Person","@id":"https:\/\/spalder.com\/#\/schema\/person\/bd8a3f96ddae898db0d8527d8f9a73d7","name":"Frank Pieters","image":{"@type":"ImageObject","inLanguage":"de","@id":"https:\/\/spalder.com\/#\/schema\/person\/image\/","url":"https:\/\/secure.gravatar.com\/avatar\/d49017e294d4cc777d3e72a2500cd5f3?s=96&d=blank&r=g","contentUrl":"https:\/\/secure.gravatar.com\/avatar\/d49017e294d4cc777d3e72a2500cd5f3?s=96&d=blank&r=g","caption":"Frank Pieters"},"url":"https:\/\/spalder.com\/de\/author\/frankpieters\/"}]}},"_links":{"self":[{"href":"https:\/\/spalder.com\/de\/wp-json\/wp\/v2\/posts\/12404"}],"collection":[{"href":"https:\/\/spalder.com\/de\/wp-json\/wp\/v2\/posts"}],"about":[{"href":"https:\/\/spalder.com\/de\/wp-json\/wp\/v2\/types\/post"}],"author":[{"embeddable":true,"href":"https:\/\/spalder.com\/de\/wp-json\/wp\/v2\/users\/3"}],"replies":[{"embeddable":true,"href":"https:\/\/spalder.com\/de\/wp-json\/wp\/v2\/comments?post=12404"}],"version-history":[{"count":2,"href":"https:\/\/spalder.com\/de\/wp-json\/wp\/v2\/posts\/12404\/revisions"}],"predecessor-version":[{"id":12407,"href":"https:\/\/spalder.com\/de\/wp-json\/wp\/v2\/posts\/12404\/revisions\/12407"}],"wp:featuredmedia":[{"embeddable":true,"href":"https:\/\/spalder.com\/de\/wp-json\/wp\/v2\/media\/12410"}],"wp:attachment":[{"href":"https:\/\/spalder.com\/de\/wp-json\/wp\/v2\/media?parent=12404"}],"wp:term":[{"taxonomy":"category","embeddable":true,"href":"https:\/\/spalder.com\/de\/wp-json\/wp\/v2\/categories?post=12404"},{"taxonomy":"post_tag","embeddable":true,"href":"https:\/\/spalder.com\/de\/wp-json\/wp\/v2\/tags?post=12404"}],"curies":[{"name":"wp","href":"https:\/\/api.w.org\/{rel}","templated":true}]}}